{"id":613,"date":"2023-12-19T09:25:33","date_gmt":"2023-12-19T09:25:33","guid":{"rendered":"https:\/\/kita-rubensstrasse.de\/?p=613"},"modified":"2023-12-19T09:27:20","modified_gmt":"2023-12-19T09:27:20","slug":"dicke-rote-kerzen-tannenzweigenduft-und-ein-hauch-von","status":"publish","type":"post","link":"https:\/\/kita-rubensstrasse.de\/?p=613","title":{"rendered":"Dicke Rote Kerzen, Tannenzweigenduft und ein Hauch von&#8230;&#8230;&#8230;&#8230;"},"content":{"rendered":"\n<figure class=\"is-layout-flex wp-block-gallery-1 wp-block-gallery has-nested-images columns-default is-cropped\">\n<figure class=\"wp-block-image size-large\"><img decoding=\"async\" loading=\"lazy\" width=\"1024\" height=\"768\" data-id=\"614\"  src=\"https:\/\/kita-rubensstrasse.de\/wp-content\/uploads\/2023\/12\/Weihnachtsfeier-2-1024x768.jpg\" alt=\"\" class=\"wp-image-614\" srcset=\"https:\/\/kita-rubensstrasse.de\/wp-content\/uploads\/2023\/12\/Weihnachtsfeier-2-1024x768.jpg 1024w, https:\/\/kita-rubensstrasse.de\/wp-content\/uploads\/2023\/12\/Weihnachtsfeier-2-300x225.jpg 300w, https:\/\/kita-rubensstrasse.de\/wp-content\/uploads\/2023\/12\/Weihnachtsfeier-2-768x576.jpg 768w, https:\/\/kita-rubensstrasse.de\/wp-content\/uploads\/2023\/12\/Weihnachtsfeier-2-1536x1152.jpg 1536w, https:\/\/kita-rubensstrasse.de\/wp-content\/uploads\/2023\/12\/Weihnachtsfeier-2-2048x1536.jpg 2048w\" sizes=\"(max-width: 1024px) 100vw, 1024px\" \/><\/figure>\n<\/figure>\n\n\n\n<figure class=\"is-layout-flex wp-block-gallery-3 wp-block-gallery has-nested-images columns-default is-cropped\">\n<figure class=\"wp-block-image size-large\"><img decoding=\"async\" loading=\"lazy\" width=\"1024\" height=\"768\" data-id=\"615\"  src=\"https:\/\/kita-rubensstrasse.de\/wp-content\/uploads\/2023\/12\/Weihnachtsfeier-1024x768.jpg\" alt=\"\" class=\"wp-image-615\" srcset=\"https:\/\/kita-rubensstrasse.de\/wp-content\/uploads\/2023\/12\/Weihnachtsfeier-1024x768.jpg 1024w, https:\/\/kita-rubensstrasse.de\/wp-content\/uploads\/2023\/12\/Weihnachtsfeier-300x225.jpg 300w, https:\/\/kita-rubensstrasse.de\/wp-content\/uploads\/2023\/12\/Weihnachtsfeier-768x576.jpg 768w, https:\/\/kita-rubensstrasse.de\/wp-content\/uploads\/2023\/12\/Weihnachtsfeier-1536x1152.jpg 1536w, https:\/\/kita-rubensstrasse.de\/wp-content\/uploads\/2023\/12\/Weihnachtsfeier-2048x1536.jpg 2048w\" sizes=\"(max-width: 1024px) 100vw, 1024px\" \/><\/figure>\n<\/figure>\n\n\n\n<p>Auch in diesem Jahr haben wir alle Kinder, Eltern, Gro\u00dfeltern zum Gottesdienst in die Kirche Gr\u00e4fratherstra\u00dfe  eingeladen.  Mit der Musikerin Frau Anelie Hermann haben die Expertenkinder ein kleines Musikal einstudiert und in der Kirche aufgef\u00fchrt. Nach dem Gottesdienst, haben die Eltern einen Adventsbasar organisiert. Viele flei\u00dfige Eltern haben sich kreativ beteiligt, um die selbsthergestellten Werke, bei Kakao, Kaffee und leckeren selbstgebackene Pl\u00e4tzchen zu verkaufen.  Der Nachmittag ging wie im Fluge vorbei. Es war ein sch\u00f6ner Abschlus f\u00fcr dieses Jahr. Wir w\u00fcnschen allen ein besinnliches und gesegnetes Weihnachtsfest und einen sch\u00f6nen \u00dcbergang ins neue Jahr 2024. <\/p>\n","protected":false},"excerpt":{"rendered":"<p>Auch in diesem Jahr haben wir alle Kinder, Eltern, Gro\u00dfeltern zum Gottesdienst in die Kirche Gr\u00e4fratherstra\u00dfe eingeladen. Mit der Musikerin &hellip; <\/p>\n","protected":false},"author":1,"featured_media":0,"comment_status":"open","ping_status":"open","sticky":false,"template":"","format":"standard","meta":[],"categories":[1],"tags":[],"_links":{"self":[{"href":"https:\/\/kita-rubensstrasse.de\/index.php?rest_route=\/wp\/v2\/posts\/613"}],"collection":[{"href":"https:\/\/kita-rubensstrasse.de\/index.php?rest_route=\/wp\/v2\/posts"}],"about":[{"href":"https:\/\/kita-rubensstrasse.de\/index.php?rest_route=\/wp\/v2\/types\/post"}],"author":[{"embeddable":true,"href":"https:\/\/kita-rubensstrasse.de\/index.php?rest_route=\/wp\/v2\/users\/1"}],"replies":[{"embeddable":true,"href":"https:\/\/kita-rubensstrasse.de\/index.php?rest_route=%2Fwp%2Fv2%2Fcomments&post=613"}],"version-history":[{"count":3,"href":"https:\/\/kita-rubensstrasse.de\/index.php?rest_route=\/wp\/v2\/posts\/613\/revisions"}],"predecessor-version":[{"id":618,"href":"https:\/\/kita-rubensstrasse.de\/index.php?rest_route=\/wp\/v2\/posts\/613\/revisions\/618"}],"wp:attachment":[{"href":"https:\/\/kita-rubensstrasse.de\/index.php?rest_route=%2Fwp%2Fv2%2Fmedia&parent=613"}],"wp:term":[{"taxonomy":"category","embeddable":true,"href":"https:\/\/kita-rubensstrasse.de\/index.php?rest_route=%2Fwp%2Fv2%2Fcategories&post=613"},{"taxonomy":"post_tag","embeddable":true,"href":"https:\/\/kita-rubensstrasse.de\/index.php?rest_route=%2Fwp%2Fv2%2Ftags&post=613"}],"curies":[{"name":"wp","href":"https:\/\/api.w.org\/{rel}","templated":true}]}}