{"id":6,"date":"2020-08-17T14:52:29","date_gmt":"2020-08-17T14:52:29","guid":{"rendered":"https:\/\/kita-rubensstrasse.de\/?p=6"},"modified":"2020-10-23T08:50:38","modified_gmt":"2020-10-23T08:50:38","slug":"aktuelles","status":"publish","type":"post","link":"https:\/\/kita-rubensstrasse.de\/?p=6","title":{"rendered":"Info zum Beginn des Kindergartenjahres"},"content":{"rendered":"\n<p>Ab Montag, den <strong>17.08.2020<\/strong> beginnt die <strong>R\u00fcckkehr zum Regelbetrieb<\/strong> und Ihr Kind wird wieder im vertraglich vereinbarten Stundenumfang betreut. Dennoch werden die Schutzma\u00dfnamen w\u00e4hrend der Bring- und Abholzeiten beibehalten. Kinder <strong>mit Fieber <\/strong>und\/ oder Symptomen, die auf eine akute, infekti\u00f6se Erkrankung hindeuten, werden nicht betreut. F\u00fcr die Wiederaufnahme ist kein \u00e4rztliches Attest erforderlich. Im Falle einer <strong>laufenden Nase <\/strong>ohne weitere Krankheitszeichen oder Beeintr\u00e4chtigungen des Wohlbefinden des Kindes ist es zun\u00e4chst <strong><span class=\"has-inline-color has-vivid-red-color\">48 Stunden zu Hause<\/span> <\/strong>zu beobachten, ob weitere Symptome wie Husten, Fieber etc. hinzukommen. Wenn keine weiteren Symptome auftreten, kann das Kind die Einrichtung wieder besuchen. Hierf\u00fcr ist kein Attest erforderlich.<\/p>\n\n\n\n<p><strong><span class=\"has-inline-color has-vivid-red-color\">Diese Ma\u00dfnahmen dienen dem Schutz aller Personen unserer Tageseinrichtung und k\u00f6nnen helfen, eine Schlie\u00dfung der Einrichtung wegen einer Covod-19 Erkrankung durch Kinder, Personal oder Eltern zu vermeiden und sollen dementsprechend konsequenter angewendet werden als vor der Pandemie. <\/span><\/strong><\/p>\n","protected":false},"excerpt":{"rendered":"<p>Ab Montag, den 17.08.2020 beginnt die R\u00fcckkehr zum Regelbetrieb und Ihr Kind wird wieder im vertraglich vereinbarten Stundenumfang betreut. Dennoch &hellip; <\/p>\n","protected":false},"author":1,"featured_media":0,"comment_status":"open","ping_status":"open","sticky":false,"template":"","format":"standard","meta":[],"categories":[1],"tags":[],"_links":{"self":[{"href":"https:\/\/kita-rubensstrasse.de\/index.php?rest_route=\/wp\/v2\/posts\/6"}],"collection":[{"href":"https:\/\/kita-rubensstrasse.de\/index.php?rest_route=\/wp\/v2\/posts"}],"about":[{"href":"https:\/\/kita-rubensstrasse.de\/index.php?rest_route=\/wp\/v2\/types\/post"}],"author":[{"embeddable":true,"href":"https:\/\/kita-rubensstrasse.de\/index.php?rest_route=\/wp\/v2\/users\/1"}],"replies":[{"embeddable":true,"href":"https:\/\/kita-rubensstrasse.de\/index.php?rest_route=%2Fwp%2Fv2%2Fcomments&post=6"}],"version-history":[{"count":7,"href":"https:\/\/kita-rubensstrasse.de\/index.php?rest_route=\/wp\/v2\/posts\/6\/revisions"}],"predecessor-version":[{"id":228,"href":"https:\/\/kita-rubensstrasse.de\/index.php?rest_route=\/wp\/v2\/posts\/6\/revisions\/228"}],"wp:attachment":[{"href":"https:\/\/kita-rubensstrasse.de\/index.php?rest_route=%2Fwp%2Fv2%2Fmedia&parent=6"}],"wp:term":[{"taxonomy":"category","embeddable":true,"href":"https:\/\/kita-rubensstrasse.de\/index.php?rest_route=%2Fwp%2Fv2%2Fcategories&post=6"},{"taxonomy":"post_tag","embeddable":true,"href":"https:\/\/kita-rubensstrasse.de\/index.php?rest_route=%2Fwp%2Fv2%2Ftags&post=6"}],"curies":[{"name":"wp","href":"https:\/\/api.w.org\/{rel}","templated":true}]}}