{"id":587,"date":"2023-09-08T10:47:44","date_gmt":"2023-09-08T10:47:44","guid":{"rendered":"https:\/\/kita-rubensstrasse.de\/?p=587"},"modified":"2023-09-08T10:47:44","modified_gmt":"2023-09-08T10:47:44","slug":"unser-erster-gemeinsamer-gottestdienst","status":"publish","type":"post","link":"https:\/\/kita-rubensstrasse.de\/?p=587","title":{"rendered":"Unser erster gemeinsamer Gottestdienst&#8230;&#8230;.."},"content":{"rendered":"\n<figure class=\"wp-block-image size-full\"><img decoding=\"async\" loading=\"lazy\" width=\"605\" height=\"821\" src=\"https:\/\/kita-rubensstrasse.de\/wp-content\/uploads\/2023\/09\/grafik-1.png\" alt=\"\" class=\"wp-image-590\" srcset=\"https:\/\/kita-rubensstrasse.de\/wp-content\/uploads\/2023\/09\/grafik-1.png 605w, https:\/\/kita-rubensstrasse.de\/wp-content\/uploads\/2023\/09\/grafik-1-221x300.png 221w\" sizes=\"(max-width: 605px) 100vw, 605px\" \/><\/figure>\n\n\n\n<figure class=\"wp-block-image size-full is-resized\"><img decoding=\"async\" loading=\"lazy\" src=\"https:\/\/kita-rubensstrasse.de\/wp-content\/uploads\/2023\/09\/grafik.png\" alt=\"\" class=\"wp-image-589\" width=\"605\" height=\"459\" srcset=\"https:\/\/kita-rubensstrasse.de\/wp-content\/uploads\/2023\/09\/grafik.png 605w, https:\/\/kita-rubensstrasse.de\/wp-content\/uploads\/2023\/09\/grafik-300x228.png 300w\" sizes=\"(max-width: 605px) 100vw, 605px\" \/><\/figure>\n\n\n\n<p class=\"has-black-color has-text-color\">Wir hatten heuet Morgen den ersten Minigottesdienst in diesem KIndergartenjahr.Unsere Pfarrerin Frau D\u00e4hnik kam Handpuppe Emma und neu dabei war Laura mit ihrer Handpuppe Chuanita. Emma ist eine Schnecke und wohnt in der Gr\u00e4frather Kirche und Chuanita kommt aus einem Vulkan und kann schweben. Unterschiedlicher k\u00f6nnten diese beide Wesen nicht sein, aber Gott liebt uns alle so wie wir sind. Er gibt uns Kraft, sch\u00fctzt uns und ist immer bei uns. Wir haben gemeinsamgesungen, gebetet und eine sch\u00f6ne Geschichte von Jesus geh\u00f6rt, in der er alle Kinder zu sich rief, sie umarmte und so jedem einzelnen zeigt:<\/p>\n\n\n\n<p class=\"has-black-color has-text-color\">&#8222;Ich bin f\u00fcr dich da, gebe Kraft und sch\u00fctze dich!&#8220;<\/p>\n","protected":false},"excerpt":{"rendered":"<p>Wir hatten heuet Morgen den ersten Minigottesdienst in diesem KIndergartenjahr.Unsere Pfarrerin Frau D\u00e4hnik kam Handpuppe Emma und neu dabei war &hellip; <\/p>\n","protected":false},"author":1,"featured_media":0,"comment_status":"open","ping_status":"open","sticky":false,"template":"","format":"standard","meta":[],"categories":[1],"tags":[],"_links":{"self":[{"href":"https:\/\/kita-rubensstrasse.de\/index.php?rest_route=\/wp\/v2\/posts\/587"}],"collection":[{"href":"https:\/\/kita-rubensstrasse.de\/index.php?rest_route=\/wp\/v2\/posts"}],"about":[{"href":"https:\/\/kita-rubensstrasse.de\/index.php?rest_route=\/wp\/v2\/types\/post"}],"author":[{"embeddable":true,"href":"https:\/\/kita-rubensstrasse.de\/index.php?rest_route=\/wp\/v2\/users\/1"}],"replies":[{"embeddable":true,"href":"https:\/\/kita-rubensstrasse.de\/index.php?rest_route=%2Fwp%2Fv2%2Fcomments&post=587"}],"version-history":[{"count":1,"href":"https:\/\/kita-rubensstrasse.de\/index.php?rest_route=\/wp\/v2\/posts\/587\/revisions"}],"predecessor-version":[{"id":591,"href":"https:\/\/kita-rubensstrasse.de\/index.php?rest_route=\/wp\/v2\/posts\/587\/revisions\/591"}],"wp:attachment":[{"href":"https:\/\/kita-rubensstrasse.de\/index.php?rest_route=%2Fwp%2Fv2%2Fmedia&parent=587"}],"wp:term":[{"taxonomy":"category","embeddable":true,"href":"https:\/\/kita-rubensstrasse.de\/index.php?rest_route=%2Fwp%2Fv2%2Fcategories&post=587"},{"taxonomy":"post_tag","embeddable":true,"href":"https:\/\/kita-rubensstrasse.de\/index.php?rest_route=%2Fwp%2Fv2%2Ftags&post=587"}],"curies":[{"name":"wp","href":"https:\/\/api.w.org\/{rel}","templated":true}]}}