{"id":230,"date":"2020-11-06T20:11:57","date_gmt":"2020-11-06T20:11:57","guid":{"rendered":"https:\/\/kita-rubensstrasse.de\/?p=230"},"modified":"2020-11-06T20:11:57","modified_gmt":"2020-11-06T20:11:57","slug":"waffelduft-liegt-in-der-luft","status":"publish","type":"post","link":"https:\/\/kita-rubensstrasse.de\/?p=230","title":{"rendered":"Waffelduft liegt in der Luft\u2026"},"content":{"rendered":"\n<p>Wir \u201evers\u00fc\u00dfen\u201c uns die Corona-Zeit und backen so viiiiiele Waffeln, dass sogar die anderen Gruppen auch welche abbekommen!<\/p>\n\n\n\n<figure class=\"is-layout-flex wp-block-gallery-1 wp-block-gallery columns-3 is-cropped\"><ul class=\"blocks-gallery-grid\"><li class=\"blocks-gallery-item\"><figure><img decoding=\"async\" loading=\"lazy\" width=\"975\" height=\"731\" src=\"https:\/\/kita-rubensstrasse.de\/wp-content\/uploads\/2020\/11\/Waffelnbacken1.jpg\" alt=\"\" data-id=\"231\" data-full-url=\"https:\/\/kita-rubensstrasse.de\/wp-content\/uploads\/2020\/11\/Waffelnbacken1.jpg\" data-link=\"https:\/\/kita-rubensstrasse.de\/?attachment_id=231\" class=\"wp-image-231\" srcset=\"https:\/\/kita-rubensstrasse.de\/wp-content\/uploads\/2020\/11\/Waffelnbacken1.jpg 975w, https:\/\/kita-rubensstrasse.de\/wp-content\/uploads\/2020\/11\/Waffelnbacken1-300x225.jpg 300w, https:\/\/kita-rubensstrasse.de\/wp-content\/uploads\/2020\/11\/Waffelnbacken1-768x576.jpg 768w\" sizes=\"(max-width: 975px) 100vw, 975px\" \/><\/figure><\/li><li class=\"blocks-gallery-item\"><figure><img decoding=\"async\" loading=\"lazy\" width=\"721\" height=\"961\" src=\"https:\/\/kita-rubensstrasse.de\/wp-content\/uploads\/2020\/11\/Waffelnbacken2.jpg\" alt=\"\" data-id=\"232\" data-full-url=\"https:\/\/kita-rubensstrasse.de\/wp-content\/uploads\/2020\/11\/Waffelnbacken2.jpg\" data-link=\"https:\/\/kita-rubensstrasse.de\/?attachment_id=232\" class=\"wp-image-232\" srcset=\"https:\/\/kita-rubensstrasse.de\/wp-content\/uploads\/2020\/11\/Waffelnbacken2.jpg 721w, https:\/\/kita-rubensstrasse.de\/wp-content\/uploads\/2020\/11\/Waffelnbacken2-225x300.jpg 225w\" sizes=\"(max-width: 721px) 100vw, 721px\" \/><\/figure><\/li><li class=\"blocks-gallery-item\"><figure><img decoding=\"async\" loading=\"lazy\" width=\"1010\" height=\"758\" src=\"https:\/\/kita-rubensstrasse.de\/wp-content\/uploads\/2020\/11\/Waffelnbacken3.jpg\" alt=\"\" data-id=\"233\" data-full-url=\"https:\/\/kita-rubensstrasse.de\/wp-content\/uploads\/2020\/11\/Waffelnbacken3.jpg\" data-link=\"https:\/\/kita-rubensstrasse.de\/?attachment_id=233\" class=\"wp-image-233\" srcset=\"https:\/\/kita-rubensstrasse.de\/wp-content\/uploads\/2020\/11\/Waffelnbacken3.jpg 1010w, https:\/\/kita-rubensstrasse.de\/wp-content\/uploads\/2020\/11\/Waffelnbacken3-300x225.jpg 300w, https:\/\/kita-rubensstrasse.de\/wp-content\/uploads\/2020\/11\/Waffelnbacken3-768x576.jpg 768w\" sizes=\"(max-width: 1010px) 100vw, 1010px\" \/><\/figure><\/li><li class=\"blocks-gallery-item\"><figure><img decoding=\"async\" loading=\"lazy\" width=\"722\" height=\"963\" src=\"https:\/\/kita-rubensstrasse.de\/wp-content\/uploads\/2020\/11\/Waffelnbacken4.jpg\" alt=\"\" data-id=\"234\" data-full-url=\"https:\/\/kita-rubensstrasse.de\/wp-content\/uploads\/2020\/11\/Waffelnbacken4.jpg\" data-link=\"https:\/\/kita-rubensstrasse.de\/?attachment_id=234\" class=\"wp-image-234\" srcset=\"https:\/\/kita-rubensstrasse.de\/wp-content\/uploads\/2020\/11\/Waffelnbacken4.jpg 722w, https:\/\/kita-rubensstrasse.de\/wp-content\/uploads\/2020\/11\/Waffelnbacken4-225x300.jpg 225w\" sizes=\"(max-width: 722px) 100vw, 722px\" \/><\/figure><\/li><li class=\"blocks-gallery-item\"><figure><img decoding=\"async\" loading=\"lazy\" width=\"701\" height=\"566\" src=\"https:\/\/kita-rubensstrasse.de\/wp-content\/uploads\/2020\/11\/Waffelnbacken5.jpg\" alt=\"\" data-id=\"235\" data-full-url=\"https:\/\/kita-rubensstrasse.de\/wp-content\/uploads\/2020\/11\/Waffelnbacken5.jpg\" data-link=\"https:\/\/kita-rubensstrasse.de\/?attachment_id=235\" class=\"wp-image-235\" srcset=\"https:\/\/kita-rubensstrasse.de\/wp-content\/uploads\/2020\/11\/Waffelnbacken5.jpg 701w, https:\/\/kita-rubensstrasse.de\/wp-content\/uploads\/2020\/11\/Waffelnbacken5-300x242.jpg 300w\" sizes=\"(max-width: 701px) 100vw, 701px\" \/><\/figure><\/li><\/ul><\/figure>\n\n\n\n<p class=\"has-text-align-center\"><strong>Rezept<\/strong><\/p>\n\n\n\n<p class=\"has-text-align-center\">f\u00fcr ganz viele, nicht so s\u00fc\u00dfe Waffeln<\/p>\n\n\n\n<p>Zutaten:<\/p>\n\n\n\n<p>375 g weiche Butter oder Margarine<br>150 g Zucker<br>3 P\u00e4ckchen Vanillezucker<br>9 Eier<br>750 g Mehl<br>3 TL Backpulver<br>750 ml Milch<br>3 Prisen Zitronenabrieb oder alternativ Zitronenaroma<\/p>\n\n\n\n<p>Alle Zutaten in eine Sch\u00fcssel geben und zu einem R\u00fchrteig verarbeiten. Im Waffeleisen backen und nach Belieben mit Puderzucker bestreuen und servieren.<\/p>\n\n\n\n<p class=\"has-text-align-right\">Guten Appetit!<br><\/p>\n","protected":false},"excerpt":{"rendered":"<p>Wir \u201evers\u00fc\u00dfen\u201c uns die Corona-Zeit und backen so viiiiiele Waffeln, dass sogar die anderen Gruppen auch welche abbekommen! Rezept f\u00fcr &hellip; <\/p>\n","protected":false},"author":1,"featured_media":0,"comment_status":"open","ping_status":"open","sticky":false,"template":"","format":"standard","meta":[],"categories":[1],"tags":[],"_links":{"self":[{"href":"https:\/\/kita-rubensstrasse.de\/index.php?rest_route=\/wp\/v2\/posts\/230"}],"collection":[{"href":"https:\/\/kita-rubensstrasse.de\/index.php?rest_route=\/wp\/v2\/posts"}],"about":[{"href":"https:\/\/kita-rubensstrasse.de\/index.php?rest_route=\/wp\/v2\/types\/post"}],"author":[{"embeddable":true,"href":"https:\/\/kita-rubensstrasse.de\/index.php?rest_route=\/wp\/v2\/users\/1"}],"replies":[{"embeddable":true,"href":"https:\/\/kita-rubensstrasse.de\/index.php?rest_route=%2Fwp%2Fv2%2Fcomments&post=230"}],"version-history":[{"count":1,"href":"https:\/\/kita-rubensstrasse.de\/index.php?rest_route=\/wp\/v2\/posts\/230\/revisions"}],"predecessor-version":[{"id":236,"href":"https:\/\/kita-rubensstrasse.de\/index.php?rest_route=\/wp\/v2\/posts\/230\/revisions\/236"}],"wp:attachment":[{"href":"https:\/\/kita-rubensstrasse.de\/index.php?rest_route=%2Fwp%2Fv2%2Fmedia&parent=230"}],"wp:term":[{"taxonomy":"category","embeddable":true,"href":"https:\/\/kita-rubensstrasse.de\/index.php?rest_route=%2Fwp%2Fv2%2Fcategories&post=230"},{"taxonomy":"post_tag","embeddable":true,"href":"https:\/\/kita-rubensstrasse.de\/index.php?rest_route=%2Fwp%2Fv2%2Ftags&post=230"}],"curies":[{"name":"wp","href":"https:\/\/api.w.org\/{rel}","templated":true}]}}